{"id":1295,"date":"2024-12-20T15:11:08","date_gmt":"2024-12-20T18:11:08","guid":{"rendered":"https:\/\/educardigitalinova.com.br\/digital\/?p=1295"},"modified":"2025-03-27T10:17:21","modified_gmt":"2025-03-27T13:17:21","slug":"do-letramento-digital-ao-letramento-digital-movel-conceitos-e-praticas-sociais","status":"publish","type":"post","link":"https:\/\/marciovilaca.com.br\/digital\/do-letramento-digital-ao-letramento-digital-movel-conceitos-e-praticas-sociais\/","title":{"rendered":"Do letramento digital ao letramento digital m\u00f3vel: Conceitos e Pr\u00e1ticas Sociais"},"content":{"rendered":"\n<p>Do letramento digital ao letramento digital m\u00f3vel: conceitos e pr\u00e1ticas sociais<\/p>\n\n\n\n<ul class=\"wp-block-list\">\n<li><strong>Lilia Aparecida Costa Gon\u00e7alves<\/strong> Universidade do Grande Rio &#8211; UNIGRANRIO<\/li>\n\n\n\n<li><strong>M\u00e1rcio Luiz Corr\u00eaa Vila\u00e7a<\/strong> UNIGRANRIO<\/li>\n\n\n\n<li><strong>K\u00e1tia Cristina do Amaral Tavares<\/strong> Universidade Federal do Rio de Janeiro<\/li>\n<\/ul>\n\n\n\n<h5 class=\"wp-block-heading\">Keywords:\u00a0Tecnologias m\u00f3veis, Letramento digital, Letramento m\u00f3vel, Letramento digital m\u00f3vel<\/h5>\n\n\n\n<p><\/p>\n\n\n\n<p><strong>\u00a0<em>Revista Linguagem &amp; Ensino<\/em>,\u00a0<em>27<\/em>(1), 30-44<\/strong><\/p>\n\n\n\n<p><strong>https:\/\/doi.org\/10.15210\/rle.v27i1.26738<\/strong><\/p>\n\n\n\n<blockquote class=\"wp-block-quote is-layout-flow wp-block-quote-is-layout-flow\">\n<p>Considerando a import\u00e2ncia das tecnologias digitais m\u00f3veis na vida cotidiana, este artigo problematiza os conceitos de letramento digital e letramento digital m\u00f3vel buscando discutir defini\u00e7\u00f5es e apontar pr\u00e1ticas sociais envolvidas. Para tal, parte-se da discuss\u00e3o sobre o uso das tecnologias m\u00f3veis em diversos contextos, incluindo o educacional, sobretudo durante a pandemia de COVID-19. S\u00e3o abordados conceitos como converg\u00eancia, portabilidade, mobilidade e ubiquidade dessas tecnologias, discutidos por diversos pesquisadores (e.g. Jenkins, 2009; Lemos, 2008; Sharples et al., 2009; Gabriel; Kiso, 2020; Santaella, 2013). Em seguida, s\u00e3o apresentadas defini\u00e7\u00f5es de letramento digital propostas por diferentes estudiosos e suas implica\u00e7\u00f5es (e.g. Soares, 2002; Silva et al., 2005; Buzato, 2006; Rojo, 2012; Santaella, 2014). Finalmente, discute-se o conceito de letramento digital m\u00f3vel (e.g. Asino; Jha; Adewumi, 2020) ou letramento m\u00f3vel, para alguns autores (e.g. Dudeney; Hockly; Pegrum, 2016), e sua relev\u00e2ncia para uma participa\u00e7\u00e3o ativa e cr\u00edtica na sociedade e, em particular, na educa\u00e7\u00e3o.<\/p>\n<\/blockquote>\n\n\n\n<p><\/p>\n\n\n\n<div class=\"wp-block-buttons is-layout-flex wp-block-buttons-is-layout-flex\">\n<div class=\"wp-block-button\"><a class=\"wp-block-button__link wp-element-button\" href=\"https:\/\/periodicos.ufpel.edu.br\/index.php\/rle\/article\/view\/26738\" target=\"_blank\" rel=\"noreferrer noopener\">Leia aqui o Artigo Completo! <\/a><\/div>\n<\/div>\n\n\n\n<p><\/p>\n","protected":false},"excerpt":{"rendered":"<p>Do letramento digital ao letramento digital m\u00f3vel: conceitos e pr\u00e1ticas sociais Keywords:\u00a0Tecnologias m\u00f3veis, Letramento digital, Letramento m\u00f3vel, Letramento digital m\u00f3vel \u00a0Revista Linguagem &amp; Ensino,\u00a027(1), 30-44 https:\/\/doi.org\/10.15210\/rle.v27i1.26738 Considerando a import\u00e2ncia das tecnologias digitais m\u00f3veis na vida cotidiana, este artigo problematiza os conceitos de letramento digital e letramento digital m\u00f3vel buscando discutir defini\u00e7\u00f5es e apontar pr\u00e1ticas sociais [&hellip;]<\/p>\n","protected":false},"author":1,"featured_media":1476,"comment_status":"closed","ping_status":"open","sticky":false,"template":"","format":"standard","meta":{"_acf_changed":false,"footnotes":""},"categories":[120],"tags":[95,43,49,59,60,121],"class_list":["post-1295","post","type-post","status-publish","format-standard","has-post-thumbnail","hentry","category-meus-artigos","tag-artigo","tag-educacao","tag-formacao-de-professores","tag-letramento","tag-letramento-digital","tag-letramento-movel"],"acf":[],"_links":{"self":[{"href":"https:\/\/marciovilaca.com.br\/digital\/wp-json\/wp\/v2\/posts\/1295","targetHints":{"allow":["GET"]}}],"collection":[{"href":"https:\/\/marciovilaca.com.br\/digital\/wp-json\/wp\/v2\/posts"}],"about":[{"href":"https:\/\/marciovilaca.com.br\/digital\/wp-json\/wp\/v2\/types\/post"}],"author":[{"embeddable":true,"href":"https:\/\/marciovilaca.com.br\/digital\/wp-json\/wp\/v2\/users\/1"}],"replies":[{"embeddable":true,"href":"https:\/\/marciovilaca.com.br\/digital\/wp-json\/wp\/v2\/comments?post=1295"}],"version-history":[{"count":1,"href":"https:\/\/marciovilaca.com.br\/digital\/wp-json\/wp\/v2\/posts\/1295\/revisions"}],"predecessor-version":[{"id":1296,"href":"https:\/\/marciovilaca.com.br\/digital\/wp-json\/wp\/v2\/posts\/1295\/revisions\/1296"}],"wp:featuredmedia":[{"embeddable":true,"href":"https:\/\/marciovilaca.com.br\/digital\/wp-json\/wp\/v2\/media\/1476"}],"wp:attachment":[{"href":"https:\/\/marciovilaca.com.br\/digital\/wp-json\/wp\/v2\/media?parent=1295"}],"wp:term":[{"taxonomy":"category","embeddable":true,"href":"https:\/\/marciovilaca.com.br\/digital\/wp-json\/wp\/v2\/categories?post=1295"},{"taxonomy":"post_tag","embeddable":true,"href":"https:\/\/marciovilaca.com.br\/digital\/wp-json\/wp\/v2\/tags?post=1295"}],"curies":[{"name":"wp","href":"https:\/\/api.w.org\/{rel}","templated":true}]}}